{"id":11413,"date":"2024-01-22T11:33:52","date_gmt":"2024-01-22T10:33:52","guid":{"rendered":"https:\/\/www.europaschule-evropskasola.com\/?p=11413"},"modified":"2024-01-23T08:21:20","modified_gmt":"2024-01-23T07:21:20","slug":"schikurs-smucarski-tecaj-3","status":"publish","type":"post","link":"https:\/\/www.europaschule-evropskasola.com\/?p=11413","title":{"rendered":"Schikurs &#8211; Smu\u010darski te\u010daj"},"content":{"rendered":"\n<p>Auch in diesem Schuljahr haben wir unseren Sch\u00fcler:innen im Rahmen des Sportunterrichts einen Schikurs auf der Petzen erm\u00f6glicht. Vielen Dank an die Lehrerinnen und die <a href=\"https:\/\/www.facebook.com\/profile.php?id=100077877607614&amp;__cft__[0]=AZVfot4N4y7qPqgQWilmPNkl_IvuKkOuO8yKIKFOCiPGpA28-RXt_vMe8JYl_B9aG_AThL2IGfGqD0zQRrkjZNp05AWVzLaSXmhqFMqShluycUBgQbO9jCTx5ZXPvBHbrLb273Bf4oWbeE5KFlGrBW4BQoUpK58dEqNtxEtN9KhGJf9FfLMM4JdAgXmcQu3iArM&amp;__tn__=-]K-R\">Schischule Petzen<\/a> f\u00fcr sie hervorragende Durchf\u00fchrung der Schikurse sowie an die Marktgemeinde Feistritz ob Bleiburg f\u00fcr die Unterst\u00fctzung!<\/p>\n\n\n\n<p>Tudi v tem \u0161olskem letu smo na\u0161im u\u010denkam in u\u010dencem omogo\u010dili smu\u010darski te\u010daj na Peci. Najlep\u0161a hvala u\u010diteljicam in smu\u010darski \u0161oli za odli\u010dno izvedbo smu\u010darskih te\u010dajev ter ob\u010dini Bistrica nad Pliberkom za podporo!<\/p>\n","protected":false},"excerpt":{"rendered":"<p>Auch in diesem Schuljahr haben wir unseren Sch\u00fcler:innen im Rahmen des Sportunterrichts einen Schikurs auf der Petzen erm\u00f6glicht. Vielen Dank an die Lehrerinnen und die Schischule Petzen f\u00fcr sie hervorragende Durchf\u00fchrung der Schikurse sowie an die Marktgemeinde Feistritz ob Bleiburg f\u00fcr die Unterst\u00fctzung! Tudi v tem \u0161olskem letu smo na\u0161im u\u010denkam in u\u010dencem omogo\u010dili smu\u010darski [&hellip;]<\/p>\n","protected":false},"author":1,"featured_media":11417,"comment_status":"closed","ping_status":"closed","sticky":false,"template":"","format":"standard","meta":{"footnotes":""},"categories":[62],"tags":[],"class_list":{"0":"post-11413","1":"post","2":"type-post","3":"status-publish","4":"format-standard","5":"has-post-thumbnail","7":"category-sportprojekt-sportni-projekt"},"_links":{"self":[{"href":"https:\/\/www.europaschule-evropskasola.com\/index.php?rest_route=\/wp\/v2\/posts\/11413","targetHints":{"allow":["GET"]}}],"collection":[{"href":"https:\/\/www.europaschule-evropskasola.com\/index.php?rest_route=\/wp\/v2\/posts"}],"about":[{"href":"https:\/\/www.europaschule-evropskasola.com\/index.php?rest_route=\/wp\/v2\/types\/post"}],"author":[{"embeddable":true,"href":"https:\/\/www.europaschule-evropskasola.com\/index.php?rest_route=\/wp\/v2\/users\/1"}],"replies":[{"embeddable":true,"href":"https:\/\/www.europaschule-evropskasola.com\/index.php?rest_route=%2Fwp%2Fv2%2Fcomments&post=11413"}],"version-history":[{"count":1,"href":"https:\/\/www.europaschule-evropskasola.com\/index.php?rest_route=\/wp\/v2\/posts\/11413\/revisions"}],"predecessor-version":[{"id":11415,"href":"https:\/\/www.europaschule-evropskasola.com\/index.php?rest_route=\/wp\/v2\/posts\/11413\/revisions\/11415"}],"wp:featuredmedia":[{"embeddable":true,"href":"https:\/\/www.europaschule-evropskasola.com\/index.php?rest_route=\/wp\/v2\/media\/11417"}],"wp:attachment":[{"href":"https:\/\/www.europaschule-evropskasola.com\/index.php?rest_route=%2Fwp%2Fv2%2Fmedia&parent=11413"}],"wp:term":[{"taxonomy":"category","embeddable":true,"href":"https:\/\/www.europaschule-evropskasola.com\/index.php?rest_route=%2Fwp%2Fv2%2Fcategories&post=11413"},{"taxonomy":"post_tag","embeddable":true,"href":"https:\/\/www.europaschule-evropskasola.com\/index.php?rest_route=%2Fwp%2Fv2%2Ftags&post=11413"}],"curies":[{"name":"wp","href":"https:\/\/api.w.org\/{rel}","templated":true}]}}