{"id":12615,"date":"2026-04-27T07:12:42","date_gmt":"2026-04-27T05:12:42","guid":{"rendered":"https:\/\/www.europaschule-evropskasola.com\/?p=12615"},"modified":"2026-04-27T07:12:43","modified_gmt":"2026-04-27T05:12:43","slug":"erstkommunion-prvo-obhajilo-8","status":"publish","type":"post","link":"https:\/\/www.europaschule-evropskasola.com\/?p=12615","title":{"rendered":"Erstkommunion &#8211; Prvo obhajilo"},"content":{"rendered":"\n<p>Pfarrer Mag. Slavko Thaler gestaltete die feierliche Messe anl\u00e4sslich der Erstkommunion und Religionslehrerin Lidija Kapp-Bo\u0161i\u010d bereitete die Kinder mit viel Engagement und Sorgfalt auf diesen besonderen Tag vor. F\u00fcr die festliche musikalische Umrahmung sorgten der Schulchor unter der Leitung von Dagmar Dumpelnik-Prasenc gemeinsam mit dem Gemischten Chor Gorotan. Begleitet wurde der Schulchor von der Band mit Daniel Kaiser (Bass), Alexandra Lipu\u0161-Gregori\u010d (Gitarre), Simona Krajger (Querfl\u00f6te), Toma\u017e Vavti (Cajon) und Direktor Danilo Katz (Piano).<\/p>\n\n\n\n<p>Ein herzliches Danke an alle Mitwirkenden!<\/p>\n\n\n\n<p><\/p>\n\n\n\n<p>\u017dupnik mag. Slavko Thaler je oblikoval slovesno bogoslu\u017eje ob prilki prvega obhajila, verou\u010diteljica Lidija Kapp-Bo\u0161i\u010d pa je otroke z veliko zavzetostjo in skrbnostjo zelo dobro pripravila na ta poseben dan. Za slovesno glasbeno spremljavo so poskrbeli \u0161olski zbor pod vodstvom Dagmar Dumpelnik-Prasenc skupaj z Me\u0161anim pevskim zborom Gorotan. \u0160olski zbor je spremljal bend z Danielom Kaiserjem (bas), Alexandro Lipu\u0161-Gregori\u010d (kitara), Simono Krajger (flavta), Toma\u017eem Vavtijem (cajon) in ravnateljem Danilom Katzom (klavir).<\/p>\n\n\n\n<p>Iskrena hvala vsem sodelujo\u010dim!<\/p>\n","protected":false},"excerpt":{"rendered":"<p>Pfarrer Mag. Slavko Thaler gestaltete die feierliche Messe anl\u00e4sslich der Erstkommunion und Religionslehrerin Lidija Kapp-Bo\u0161i\u010d bereitete die Kinder mit viel Engagement und Sorgfalt auf diesen besonderen Tag vor. F\u00fcr die festliche musikalische Umrahmung sorgten der Schulchor unter der Leitung von Dagmar Dumpelnik-Prasenc gemeinsam mit dem Gemischten Chor Gorotan. Begleitet wurde der Schulchor von der Band [&hellip;]<\/p>\n","protected":false},"author":1,"featured_media":12616,"comment_status":"closed","ping_status":"closed","sticky":false,"template":"","format":"standard","meta":{"footnotes":""},"categories":[5],"tags":[],"class_list":{"0":"post-12615","1":"post","2":"type-post","3":"status-publish","4":"format-standard","5":"has-post-thumbnail","7":"category-featured"},"_links":{"self":[{"href":"https:\/\/www.europaschule-evropskasola.com\/index.php?rest_route=\/wp\/v2\/posts\/12615","targetHints":{"allow":["GET"]}}],"collection":[{"href":"https:\/\/www.europaschule-evropskasola.com\/index.php?rest_route=\/wp\/v2\/posts"}],"about":[{"href":"https:\/\/www.europaschule-evropskasola.com\/index.php?rest_route=\/wp\/v2\/types\/post"}],"author":[{"embeddable":true,"href":"https:\/\/www.europaschule-evropskasola.com\/index.php?rest_route=\/wp\/v2\/users\/1"}],"replies":[{"embeddable":true,"href":"https:\/\/www.europaschule-evropskasola.com\/index.php?rest_route=%2Fwp%2Fv2%2Fcomments&post=12615"}],"version-history":[{"count":1,"href":"https:\/\/www.europaschule-evropskasola.com\/index.php?rest_route=\/wp\/v2\/posts\/12615\/revisions"}],"predecessor-version":[{"id":12617,"href":"https:\/\/www.europaschule-evropskasola.com\/index.php?rest_route=\/wp\/v2\/posts\/12615\/revisions\/12617"}],"wp:featuredmedia":[{"embeddable":true,"href":"https:\/\/www.europaschule-evropskasola.com\/index.php?rest_route=\/wp\/v2\/media\/12616"}],"wp:attachment":[{"href":"https:\/\/www.europaschule-evropskasola.com\/index.php?rest_route=%2Fwp%2Fv2%2Fmedia&parent=12615"}],"wp:term":[{"taxonomy":"category","embeddable":true,"href":"https:\/\/www.europaschule-evropskasola.com\/index.php?rest_route=%2Fwp%2Fv2%2Fcategories&post=12615"},{"taxonomy":"post_tag","embeddable":true,"href":"https:\/\/www.europaschule-evropskasola.com\/index.php?rest_route=%2Fwp%2Fv2%2Ftags&post=12615"}],"curies":[{"name":"wp","href":"https:\/\/api.w.org\/{rel}","templated":true}]}}