{"id":12623,"date":"2026-04-28T11:21:01","date_gmt":"2026-04-28T09:21:01","guid":{"rendered":"https:\/\/www.europaschule-evropskasola.com\/?p=12623"},"modified":"2026-04-28T11:22:23","modified_gmt":"2026-04-28T09:22:23","slug":"kunstprojekt-likovni-projekt","status":"publish","type":"post","link":"https:\/\/www.europaschule-evropskasola.com\/?p=12623","title":{"rendered":"Kunstprojekt &#8211; Likovni projekt"},"content":{"rendered":"\n<p>In den vergangenen Tagen fand an der Europaschule ein Kunstprojekt mit dem heimischen K\u00fcnstler Hans Enzersfellner statt, an dem mehrere Klassen teilnahmen. Im Mittelpunkt stand das Thema \u201eDer Wald als Lebenselexier\u201c, das von den Sch\u00fclerinnen und Sch\u00fclern auf vielf\u00e4ltige Weise gestalterisch umgesetzt wurde. Die Kinder arbeiteten mit unterschiedlichen Materialien und Techniken, darunter Spachteltechnik, Einlegearbeiten mit Naturmaterialien sowie Acrylfarben, Lacke und Wasserfarben. Dabei sammelten sie Erfahrungen im Umgang mit verschiedenen Materialien und setzten sich kreativ mit dem Wald als Lebensraum auseinander. Hans Enzersfellner, geboren in Lilienfeld in Nieder\u00f6sterreich, verf\u00fcgt \u00fcber eine grafische Ausbildung und langj\u00e4hrige Erfahrung in der k\u00fcnstlerischen Arbeit mit Kindern und Jugendlichen. Neben seiner T\u00e4tigkeit als Maler und Illustrator ist er auch als Kinderbuchautor und B\u00fchnenbildner t\u00e4tig und stellte seine Werke bereits an verschiedenen Orten aus. Direktor Danilo Katz unterstreicht die Bedeutung k\u00fcnstlerischer Angebote im schulischen Alltag: \u201eK\u00fcnstlerische Projekte er\u00f6ffnen Kindern zus\u00e4tzliche M\u00f6glichkeiten, sich auszudr\u00fccken und neue Materialien kennenzulernen. Sie sind ein wichtiger Bestandteil einer ganzheitlichen Bildung und bereichern den Schulalltag.\u201c Im Rahmen des Projekts stand vor allem das praktische Arbeiten im Vordergrund. Die Sch\u00fclerinnen und Sch\u00fcler setzten sich mit Materialien aus der Natur auseinander und entwickelten eigene gestalterische Ideen. Solche Projekte erm\u00f6glichen es Kindern, unterschiedliche Arbeitsweisen kennenzulernen und kreative Erfahrungen zu sammeln. Auch K\u00fcnstler Hans Enzersfellner beschreibt die Arbeit mit Kindern als einen besonderen Prozess: \u201eDie k\u00fcnstlerische Arbeit mit Kindern lebt vom Ausprobieren und vom gemeinsamen Entdecken von Materialien und M\u00f6glichkeiten.\u201c Das Projekt bot den teilnehmenden Klassen Gelegenheit, sich kreativ mit dem Thema Wald auseinanderzusetzen und praktische Erfahrungen im bildnerischen Gestalten zu sammeln.<\/p>\n\n\n\n<p><strong>Likovni projekt na temo \u00bbGozd kot \u017eivljenjski eliksir\u00ab<\/strong><\/p>\n\n\n\n<p>V preteklih dneh je na Evropski \u0161oli potekal likovni projekt z doma\u010dim umetnikom Hansom Enzersfellnerjem, pri katerem je sodelovalo ve\u010d razredov. V sredi\u0161\u010du projekta je bila tema \u00bbGozd kot \u017eivljenjski eliksir\u00ab, ki so jo u\u010denci in u\u010denke likovno obdelali na razli\u010dne na\u010dine. Otroci so ustvarjali z razli\u010dnimi materiali in tehnikami, med drugim z lopati\u010dno tehniko, vdelovanjem naravnih materialov ter uporabo akrilnih barv, lakov in vodnih barv. Pri tem so pridobivali izku\u0161nje pri delu z materiali in se ustvarjalno ukvarjali z gozdom kot pomembnim \u017eivljenjskim prostorom. Hans Enzersfellner, rojen v Lilienfeldu v Spodnji Avstriji, ima grafi\u010dno izobrazbo in dolgoletne izku\u0161nje z likovnim delom z otroki in mladostniki. Poleg dela kot slikar in ilustrator deluje tudi kot avtor otro\u0161kih knjig in scenograf ter je svoja dela razstavljal na razli\u010dnih krajih. Ravnatelj Danilo Katz poudarja pomen umetni\u0161kih dejavnosti v \u0161olskem vsakdanu: \u00bbLikovni projekti otrokom omogo\u010dajo dodatne mo\u017enosti izra\u017eanja ter spoznavanja novih materialov. So pomemben del celostnega izobra\u017eevanja in bogatijo \u0161olski vsakdan.\u00ab V okviru projekta je bilo v ospredju predvsem prakti\u010dno ustvarjanje. U\u010denci in u\u010denke so se ukvarjali z naravnimi materiali ter razvijali lastne likovne ideje. Tak\u0161ni projekti otrokom omogo\u010dajo spoznavanje razli\u010dnih na\u010dinov dela in pridobivanje ustvarjalnih izku\u0161enj. Tudi umetnik Hans Enzersfellner poudarja poseben pomen dela z otroki: \u00bbLikovno delo z otroki temelji na preizku\u0161anju ter skupnem odkrivanju materialov in mo\u017enosti.\u00ab Projekt je sodelujo\u010dim razredom omogo\u010dil ustvarjalno ukvarjanje s temo gozda ter pridobivanje prakti\u010dnih izku\u0161enj na podro\u010dju likovnega ustvarjanja.<\/p>\n","protected":false},"excerpt":{"rendered":"<p>In den vergangenen Tagen fand an der Europaschule ein Kunstprojekt mit dem heimischen K\u00fcnstler Hans Enzersfellner statt, an dem mehrere Klassen teilnahmen. Im Mittelpunkt stand das Thema \u201eDer Wald als Lebenselexier\u201c, das von den Sch\u00fclerinnen und Sch\u00fclern auf vielf\u00e4ltige Weise gestalterisch umgesetzt wurde. Die Kinder arbeiteten mit unterschiedlichen Materialien und Techniken, darunter Spachteltechnik, Einlegearbeiten mit [&hellip;]<\/p>\n","protected":false},"author":1,"featured_media":12624,"comment_status":"closed","ping_status":"closed","sticky":false,"template":"","format":"standard","meta":{"footnotes":""},"categories":[1,60],"tags":[],"class_list":{"0":"post-12623","1":"post","2":"type-post","3":"status-publish","4":"format-standard","5":"has-post-thumbnail","7":"category-allgemein","8":"category-kunstprojekt-umetnostni-projekt"},"_links":{"self":[{"href":"https:\/\/www.europaschule-evropskasola.com\/index.php?rest_route=\/wp\/v2\/posts\/12623","targetHints":{"allow":["GET"]}}],"collection":[{"href":"https:\/\/www.europaschule-evropskasola.com\/index.php?rest_route=\/wp\/v2\/posts"}],"about":[{"href":"https:\/\/www.europaschule-evropskasola.com\/index.php?rest_route=\/wp\/v2\/types\/post"}],"author":[{"embeddable":true,"href":"https:\/\/www.europaschule-evropskasola.com\/index.php?rest_route=\/wp\/v2\/users\/1"}],"replies":[{"embeddable":true,"href":"https:\/\/www.europaschule-evropskasola.com\/index.php?rest_route=%2Fwp%2Fv2%2Fcomments&post=12623"}],"version-history":[{"count":2,"href":"https:\/\/www.europaschule-evropskasola.com\/index.php?rest_route=\/wp\/v2\/posts\/12623\/revisions"}],"predecessor-version":[{"id":12627,"href":"https:\/\/www.europaschule-evropskasola.com\/index.php?rest_route=\/wp\/v2\/posts\/12623\/revisions\/12627"}],"wp:featuredmedia":[{"embeddable":true,"href":"https:\/\/www.europaschule-evropskasola.com\/index.php?rest_route=\/wp\/v2\/media\/12624"}],"wp:attachment":[{"href":"https:\/\/www.europaschule-evropskasola.com\/index.php?rest_route=%2Fwp%2Fv2%2Fmedia&parent=12623"}],"wp:term":[{"taxonomy":"category","embeddable":true,"href":"https:\/\/www.europaschule-evropskasola.com\/index.php?rest_route=%2Fwp%2Fv2%2Fcategories&post=12623"},{"taxonomy":"post_tag","embeddable":true,"href":"https:\/\/www.europaschule-evropskasola.com\/index.php?rest_route=%2Fwp%2Fv2%2Ftags&post=12623"}],"curies":[{"name":"wp","href":"https:\/\/api.w.org\/{rel}","templated":true}]}}