{"id":2174,"date":"2013-08-28T11:54:19","date_gmt":"2013-08-28T09:54:19","guid":{"rendered":"http:\/\/www.vs-st-michael.ksn.at\/?p=2174"},"modified":"2013-09-12T07:31:31","modified_gmt":"2013-09-12T05:31:31","slug":"bald-gehts-wieder-los-kmalu-se-spet-zacne","status":"publish","type":"post","link":"https:\/\/www.europaschule-evropskasola.com\/?p=2174","title":{"rendered":"Bald geht&#8217;s wieder los &#8211; Kmalu se spet za\u010dne"},"content":{"rendered":"<p><strong>Liebe Sch\u00fclerinnen und Sch\u00fcler, gesch\u00e4tzte Eltern und Erziehungsberechtigte!<\/strong><\/p>\n<p>Unser Team freut sich schon auf das neue Schuljahr!<br \/>\nHier die wichtigsten Informationen und der Stundenplan f\u00fcr die erste Schulwoche:<\/p>\n<p>Montag, 07:45 &#8211; 09:25 (um 08:30Er\u00f6ffnungswortgottesdienst in der Schule)<br \/>\nDienstag, 07:45 &#8211; 10:30<br \/>\nMittwoch, 07:45 &#8211; 10:30<br \/>\nDonnerstag, 07:45 &#8211; 11:20<br \/>\nFreitag, 07:45 &#8211; 11:20<\/p>\n<p>Das Schulhaus ist ab 06:45 ge\u00f6ffnet.<br \/>\nDas Betreten der Klassenr\u00e4ume ist ab 07:30 m\u00f6glich.<br \/>\nDer Schulbus f\u00e4hrt ab dem ersten Schultag.<br \/>\nDer Sch\u00fclerhort ist auch ab dem ersten Schultag ge\u00f6ffnet.<\/p>\n<p>Alle weiteren Informationen sowie Anmeldeformulare f\u00fcr den Schulbus erhalten die Kinder im Laufe der ersten Schulwoche von ihren Klassenlehrerinnen.<\/p>\n<p>Link: <a title=\"Einkaufslisten \u2013 Nakupovalni seznami\" href=\"http:\/\/www.vs-st-michael.ksn.at\/?page_id=2192\">Einkaufslisten<\/a><\/p>\n<p><strong>Drage u\u010denke in u\u010denci, spo\u0161tovani star\u0161i in vzgojni upravi\u010denci!<\/strong><\/p>\n<p>Na\u0161 tim se \u017ee veseli na novo \u0161olsko leto!<br \/>\nTukaj najdete najpomembnej\u0161e informacije za prvi \u0161olski teden:<\/p>\n<p>Ponedeljek, 07:45 &#8211; 09:25 (ob 08:30 besedno bogoslu\u017eje v \u0161oli)<br \/>\nTorek, 07:45 &#8211; 10:30<br \/>\nSreda, 07:45 &#8211; 10:30<br \/>\n\u010cetrtek, 07:45 &#8211; 11:20<br \/>\nPetek, 07:45 &#8211; 11:20<\/p>\n<p>\u0160olsko poslopje je odprto od 06:45 dalje.<br \/>\nDostop do razredov je mo\u017een od 07:30 dalje.<br \/>\n\u0160olski bus vozi od prvega \u0161olskega dne dalje.<br \/>\nTudi varstvo ima odprto od prvega \u0161olskega dne.<\/p>\n<p>Vse ostale informacije in prijavnice za \u0161olski bus dobijo otroci v prvem \u0161olskem tednu od razrednih u\u010diteljic.<\/p>\n<p>Link: <a title=\"Einkaufslisten \u2013 Nakupovalni seznami\" href=\"http:\/\/www.vs-st-michael.ksn.at\/?page_id=2192\">Nakupovalni seznami<\/a><\/p>\n","protected":false},"excerpt":{"rendered":"<p>Liebe Sch\u00fclerinnen und Sch\u00fcler, gesch\u00e4tzte Eltern und Erziehungsberechtigte! Unser Team freut sich schon auf das neue Schuljahr! Hier die wichtigsten Informationen und der Stundenplan f\u00fcr die erste Schulwoche: Montag, 07:45 &#8211; 09:25 (um 08:30Er\u00f6ffnungswortgottesdienst in der Schule) Dienstag, 07:45 &#8211; 10:30 Mittwoch, 07:45 &#8211; 10:30 Donnerstag, 07:45 &#8211; 11:20 Freitag, 07:45 &#8211; 11:20 Das Schulhaus [&hellip;]<\/p>\n","protected":false},"author":1,"featured_media":2173,"comment_status":"open","ping_status":"open","sticky":false,"template":"","format":"standard","meta":{"footnotes":""},"categories":[1],"tags":[],"class_list":{"0":"post-2174","1":"post","2":"type-post","3":"status-publish","4":"format-standard","5":"has-post-thumbnail","7":"category-allgemein"},"_links":{"self":[{"href":"https:\/\/www.europaschule-evropskasola.com\/index.php?rest_route=\/wp\/v2\/posts\/2174","targetHints":{"allow":["GET"]}}],"collection":[{"href":"https:\/\/www.europaschule-evropskasola.com\/index.php?rest_route=\/wp\/v2\/posts"}],"about":[{"href":"https:\/\/www.europaschule-evropskasola.com\/index.php?rest_route=\/wp\/v2\/types\/post"}],"author":[{"embeddable":true,"href":"https:\/\/www.europaschule-evropskasola.com\/index.php?rest_route=\/wp\/v2\/users\/1"}],"replies":[{"embeddable":true,"href":"https:\/\/www.europaschule-evropskasola.com\/index.php?rest_route=%2Fwp%2Fv2%2Fcomments&post=2174"}],"version-history":[{"count":5,"href":"https:\/\/www.europaschule-evropskasola.com\/index.php?rest_route=\/wp\/v2\/posts\/2174\/revisions"}],"predecessor-version":[{"id":2210,"href":"https:\/\/www.europaschule-evropskasola.com\/index.php?rest_route=\/wp\/v2\/posts\/2174\/revisions\/2210"}],"wp:featuredmedia":[{"embeddable":true,"href":"https:\/\/www.europaschule-evropskasola.com\/index.php?rest_route=\/wp\/v2\/media\/2173"}],"wp:attachment":[{"href":"https:\/\/www.europaschule-evropskasola.com\/index.php?rest_route=%2Fwp%2Fv2%2Fmedia&parent=2174"}],"wp:term":[{"taxonomy":"category","embeddable":true,"href":"https:\/\/www.europaschule-evropskasola.com\/index.php?rest_route=%2Fwp%2Fv2%2Fcategories&post=2174"},{"taxonomy":"post_tag","embeddable":true,"href":"https:\/\/www.europaschule-evropskasola.com\/index.php?rest_route=%2Fwp%2Fv2%2Ftags&post=2174"}],"curies":[{"name":"wp","href":"https:\/\/api.w.org\/{rel}","templated":true}]}}