{"id":6688,"date":"2018-10-18T11:08:32","date_gmt":"2018-10-18T09:08:32","guid":{"rendered":"http:\/\/www.vs-st-michael.ksn.at\/?p=6688"},"modified":"2018-10-18T11:08:32","modified_gmt":"2018-10-18T09:08:32","slug":"kooperation-mit-dem-askoe-kooperacija-s-sportnim-klubom","status":"publish","type":"post","link":"https:\/\/www.europaschule-evropskasola.com\/?p=6688","title":{"rendered":"Kooperation mit dem ASK\u00d6 &#8211; Kooperacija s \u0161portnim klubom"},"content":{"rendered":"<p>In diesem Schuljahr haben wir eine intensive Kooperation mit dem Fu\u00dfballverein ASK\u00d6 St. Michael. Diese wird vom Land K\u00e4rnten im Rahmen der Aktion Gesunde Gemeinde gef\u00f6rdert. Vielen Dank an das Land sowie an die verantwortlichen Trainer!<\/p>\n<p>V tem \u0161olskem letu imamo intenzivno kooperacijo z nogometnim klubom ASK\u00d6 \u0160mihel. Kooperacijo podpira de\u017eela Koro\u0161ka v okviru akcije Zdrava ob\u010dina. Prisr\u010dna hvala de\u017eelni vladi in \u0161mihelskemu nogometnemu dru\u0161tvu!<\/p>\n","protected":false},"excerpt":{"rendered":"<p>In diesem Schuljahr haben wir eine intensive Kooperation mit dem Fu\u00dfballverein ASK\u00d6 St. Michael. Diese wird vom Land K\u00e4rnten im Rahmen der Aktion Gesunde Gemeinde gef\u00f6rdert. Vielen Dank an das Land sowie an die verantwortlichen Trainer! V tem \u0161olskem letu imamo intenzivno kooperacijo z nogometnim klubom ASK\u00d6 \u0160mihel. Kooperacijo podpira de\u017eela Koro\u0161ka v okviru akcije [&hellip;]<\/p>\n","protected":false},"author":1,"featured_media":6689,"comment_status":"closed","ping_status":"closed","sticky":false,"template":"","format":"standard","meta":{"footnotes":""},"categories":[1,65,62],"tags":[],"class_list":{"0":"post-6688","1":"post","2":"type-post","3":"status-publish","4":"format-standard","5":"has-post-thumbnail","7":"category-allgemein","8":"category-kooperationen-kooperacije","9":"category-sportprojekt-sportni-projekt"},"_links":{"self":[{"href":"https:\/\/www.europaschule-evropskasola.com\/index.php?rest_route=\/wp\/v2\/posts\/6688","targetHints":{"allow":["GET"]}}],"collection":[{"href":"https:\/\/www.europaschule-evropskasola.com\/index.php?rest_route=\/wp\/v2\/posts"}],"about":[{"href":"https:\/\/www.europaschule-evropskasola.com\/index.php?rest_route=\/wp\/v2\/types\/post"}],"author":[{"embeddable":true,"href":"https:\/\/www.europaschule-evropskasola.com\/index.php?rest_route=\/wp\/v2\/users\/1"}],"replies":[{"embeddable":true,"href":"https:\/\/www.europaschule-evropskasola.com\/index.php?rest_route=%2Fwp%2Fv2%2Fcomments&post=6688"}],"version-history":[{"count":1,"href":"https:\/\/www.europaschule-evropskasola.com\/index.php?rest_route=\/wp\/v2\/posts\/6688\/revisions"}],"predecessor-version":[{"id":6690,"href":"https:\/\/www.europaschule-evropskasola.com\/index.php?rest_route=\/wp\/v2\/posts\/6688\/revisions\/6690"}],"wp:featuredmedia":[{"embeddable":true,"href":"https:\/\/www.europaschule-evropskasola.com\/index.php?rest_route=\/wp\/v2\/media\/6689"}],"wp:attachment":[{"href":"https:\/\/www.europaschule-evropskasola.com\/index.php?rest_route=%2Fwp%2Fv2%2Fmedia&parent=6688"}],"wp:term":[{"taxonomy":"category","embeddable":true,"href":"https:\/\/www.europaschule-evropskasola.com\/index.php?rest_route=%2Fwp%2Fv2%2Fcategories&post=6688"},{"taxonomy":"post_tag","embeddable":true,"href":"https:\/\/www.europaschule-evropskasola.com\/index.php?rest_route=%2Fwp%2Fv2%2Ftags&post=6688"}],"curies":[{"name":"wp","href":"https:\/\/api.w.org\/{rel}","templated":true}]}}