{"id":6744,"date":"2018-12-12T10:06:23","date_gmt":"2018-12-12T09:06:23","guid":{"rendered":"http:\/\/www.vs-st-michael.ksn.at\/?p=6744"},"modified":"2019-09-08T19:39:44","modified_gmt":"2019-09-08T17:39:44","slug":"farbenfroh-knjiga-o-barvah","status":"publish","type":"post","link":"https:\/\/www.europaschule-evropskasola.com\/?p=6744","title":{"rendered":"Farbenfroh &#8211; Knjiga o barvah"},"content":{"rendered":"\n<p>Die beiden Kinderbuchautorinnen Cornelia Bredschneider, die auch Absolventin unserer Schule ist und Katharina Gunzer stellten uns k\u00fcrzlich ihr Buch &#8222;Farbenfroh&#8220; vor. Die Kinder h\u00f6rten gespannt zu und waren von der Geschichte begeistert. Vielen Dank an die beiden talentierten Autorinnen &#8211; auch f\u00fcr die S\u00fc\u00dfigkeiten!<\/p>\n\n\n\n<p>Avtorici Cornelia Bredschneider, ki je hkrati absolventka na\u0161e \u0161ole in Katharina Gunzer sta nam pred kratkim predstavili njuno otro\u0161ko knjigo z naslovom &#8222;Farbenfroh&#8220;. Otroci so jima z navdu\u0161enjem prisluhnili. Prisr\u010dna hvala za obisk in za sladkarije!<\/p>\n\n\n\n<p>Link: <a href=\"http:\/\/www.leselaune.at\" target=\"_blank\" rel=\"noreferrer noopener\" aria-label=\"Link: www.leselaune.at (\u00f6ffnet in neuem Tab)\">www.leselaune.at<\/a><\/p>\n\n\n\n<p>\u00a0<\/p>\n","protected":false},"excerpt":{"rendered":"<p>Die beiden Kinderbuchautorinnen Cornelia Bredschneider, die auch Absolventin unserer Schule ist und Katharina Gunzer stellten uns k\u00fcrzlich ihr Buch &#8222;Farbenfroh&#8220; vor. Die Kinder h\u00f6rten gespannt zu und waren von der Geschichte begeistert. Vielen Dank an die beiden talentierten Autorinnen &#8211; auch f\u00fcr die S\u00fc\u00dfigkeiten! Avtorici Cornelia Bredschneider, ki je hkrati absolventka na\u0161e \u0161ole in Katharina [&hellip;]<\/p>\n","protected":false},"author":1,"featured_media":6746,"comment_status":"closed","ping_status":"closed","sticky":false,"template":"","format":"standard","meta":{"footnotes":""},"categories":[1,64],"tags":[],"class_list":{"0":"post-6744","1":"post","2":"type-post","3":"status-publish","4":"format-standard","5":"has-post-thumbnail","7":"category-allgemein","8":"category-sprachprojekt-jezikovni-projekt"},"_links":{"self":[{"href":"https:\/\/www.europaschule-evropskasola.com\/index.php?rest_route=\/wp\/v2\/posts\/6744","targetHints":{"allow":["GET"]}}],"collection":[{"href":"https:\/\/www.europaschule-evropskasola.com\/index.php?rest_route=\/wp\/v2\/posts"}],"about":[{"href":"https:\/\/www.europaschule-evropskasola.com\/index.php?rest_route=\/wp\/v2\/types\/post"}],"author":[{"embeddable":true,"href":"https:\/\/www.europaschule-evropskasola.com\/index.php?rest_route=\/wp\/v2\/users\/1"}],"replies":[{"embeddable":true,"href":"https:\/\/www.europaschule-evropskasola.com\/index.php?rest_route=%2Fwp%2Fv2%2Fcomments&post=6744"}],"version-history":[{"count":3,"href":"https:\/\/www.europaschule-evropskasola.com\/index.php?rest_route=\/wp\/v2\/posts\/6744\/revisions"}],"predecessor-version":[{"id":6748,"href":"https:\/\/www.europaschule-evropskasola.com\/index.php?rest_route=\/wp\/v2\/posts\/6744\/revisions\/6748"}],"wp:featuredmedia":[{"embeddable":true,"href":"https:\/\/www.europaschule-evropskasola.com\/index.php?rest_route=\/wp\/v2\/media\/6746"}],"wp:attachment":[{"href":"https:\/\/www.europaschule-evropskasola.com\/index.php?rest_route=%2Fwp%2Fv2%2Fmedia&parent=6744"}],"wp:term":[{"taxonomy":"category","embeddable":true,"href":"https:\/\/www.europaschule-evropskasola.com\/index.php?rest_route=%2Fwp%2Fv2%2Fcategories&post=6744"},{"taxonomy":"post_tag","embeddable":true,"href":"https:\/\/www.europaschule-evropskasola.com\/index.php?rest_route=%2Fwp%2Fv2%2Ftags&post=6744"}],"curies":[{"name":"wp","href":"https:\/\/api.w.org\/{rel}","templated":true}]}}