{"id":8976,"date":"2021-06-30T12:03:44","date_gmt":"2021-06-30T10:03:44","guid":{"rendered":"https:\/\/www.europaschule-evropskasola.com\/?p=8976"},"modified":"2021-06-30T12:03:46","modified_gmt":"2021-06-30T10:03:46","slug":"tanzworkshops-plesne-delavnice-2","status":"publish","type":"post","link":"https:\/\/www.europaschule-evropskasola.com\/?p=8976","title":{"rendered":"Tanzworkshops &#8211; Plesne delavnice"},"content":{"rendered":"\n<p>Valentina Kunauer vom Tanzstudio Kunauer hielt mit unseren Sch\u00fclerinnen und Sch\u00fclern an den letzten Schultagen dieses Schuljahres mehrere Tanzworkshops ab. Vielen Dank an unsere Absolventin Valentina und die &#8222;Gesunde Gemeinde&#8220; Feistritz ob Bleiburg!<\/p>\n\n\n\n<p>Valentina Kunauer, od plesnega studia Kunauer, je ob koncu \u0161olskega leta vodila nekaj plesnih delavnica za na\u0161e u\u010denke in u\u010dence. Prisr\u010dna hvala na\u0161i absolventki Valentini in &#8222;zdravi ob\u010dini&#8220; Bistrica nad Pliberkom in plesnemu studiu Kunauer!<\/p>\n\n\n\n<figure class=\"wp-block-video\"><video height=\"480\" style=\"aspect-ratio: 848 \/ 480;\" width=\"848\" controls src=\"https:\/\/www.europaschule-evropskasola.com\/wp-content\/uploads\/2021\/06\/3b4a_tanzworkshop.mp4\"><\/video><\/figure>\n","protected":false},"excerpt":{"rendered":"<p>Valentina Kunauer vom Tanzstudio Kunauer hielt mit unseren Sch\u00fclerinnen und Sch\u00fclern an den letzten Schultagen dieses Schuljahres mehrere Tanzworkshops ab. Vielen Dank an unsere Absolventin Valentina und die &#8222;Gesunde Gemeinde&#8220; Feistritz ob Bleiburg! Valentina Kunauer, od plesnega studia Kunauer, je ob koncu \u0161olskega leta vodila nekaj plesnih delavnica za na\u0161e u\u010denke in u\u010dence. Prisr\u010dna hvala [&hellip;]<\/p>\n","protected":false},"author":1,"featured_media":8978,"comment_status":"closed","ping_status":"closed","sticky":false,"template":"","format":"standard","meta":{"footnotes":""},"categories":[1,66,61,62],"tags":[],"class_list":{"0":"post-8976","1":"post","2":"type-post","3":"status-publish","4":"format-standard","5":"has-post-thumbnail","7":"category-allgemein","8":"category-gesundheitsprojekt-zdravstveni-projekti","9":"category-musikprojekt-glasbeni-projekt","10":"category-sportprojekt-sportni-projekt"},"_links":{"self":[{"href":"https:\/\/www.europaschule-evropskasola.com\/index.php?rest_route=\/wp\/v2\/posts\/8976","targetHints":{"allow":["GET"]}}],"collection":[{"href":"https:\/\/www.europaschule-evropskasola.com\/index.php?rest_route=\/wp\/v2\/posts"}],"about":[{"href":"https:\/\/www.europaschule-evropskasola.com\/index.php?rest_route=\/wp\/v2\/types\/post"}],"author":[{"embeddable":true,"href":"https:\/\/www.europaschule-evropskasola.com\/index.php?rest_route=\/wp\/v2\/users\/1"}],"replies":[{"embeddable":true,"href":"https:\/\/www.europaschule-evropskasola.com\/index.php?rest_route=%2Fwp%2Fv2%2Fcomments&post=8976"}],"version-history":[{"count":1,"href":"https:\/\/www.europaschule-evropskasola.com\/index.php?rest_route=\/wp\/v2\/posts\/8976\/revisions"}],"predecessor-version":[{"id":8980,"href":"https:\/\/www.europaschule-evropskasola.com\/index.php?rest_route=\/wp\/v2\/posts\/8976\/revisions\/8980"}],"wp:featuredmedia":[{"embeddable":true,"href":"https:\/\/www.europaschule-evropskasola.com\/index.php?rest_route=\/wp\/v2\/media\/8978"}],"wp:attachment":[{"href":"https:\/\/www.europaschule-evropskasola.com\/index.php?rest_route=%2Fwp%2Fv2%2Fmedia&parent=8976"}],"wp:term":[{"taxonomy":"category","embeddable":true,"href":"https:\/\/www.europaschule-evropskasola.com\/index.php?rest_route=%2Fwp%2Fv2%2Fcategories&post=8976"},{"taxonomy":"post_tag","embeddable":true,"href":"https:\/\/www.europaschule-evropskasola.com\/index.php?rest_route=%2Fwp%2Fv2%2Ftags&post=8976"}],"curies":[{"name":"wp","href":"https:\/\/api.w.org\/{rel}","templated":true}]}}